{"id":14813,"date":"2026-03-13T12:01:31","date_gmt":"2026-03-13T11:01:31","guid":{"rendered":"https:\/\/individual-cosmetics.com\/?p=14813"},"modified":"2026-03-13T12:12:27","modified_gmt":"2026-03-13T11:12:27","slug":"cosmoprof-2026","status":"publish","type":"post","link":"https:\/\/individual-cosmetics.com\/de\/cosmoprof-2026\/","title":{"rendered":"COSMOPROF 2026"},"content":{"rendered":"\n<p class=\"wp-block-paragraph\">Wir freuen uns, Ihnen mitteilen zu k\u00f6nnen, dass wir auch in diesem Jahr wieder auf der weltgr\u00f6\u00dften Kosmetikmesse COSMOPROF Bologna vertreten sind.<\/p>\n\n\n\n<p class=\"wp-block-paragraph\">Die Messe bietet eine ideale Plattform, um sich \u00fcber aktuelle Entwicklungen der Branche auszutauschen, neue Impulse zu gewinnen und bestehende Partnerschaften zu vertiefen. <strong>Gerne<\/strong> nutzen wir die Gelegenheit, Ihnen unsere L\u00f6sungen <strong>pers\u00f6nlich<\/strong> vorzustellen und \u00fcber m\u00f6gliche gemeinsame Projekte zu sprechen.<\/p>\n\n\n\n<p class=\"wp-block-paragraph\">Sie finden uns vom <strong>26. M\u00e4rz bis 28. M\u00e4rz in Halle 16, Stand Nummer B8B (German Pavilion)<\/strong>&nbsp;auf dem Messegel\u00e4nde in Bologna.<\/p>\n\n\n\n<div style=\"height:32px\" aria-hidden=\"true\" class=\"wp-block-spacer\"><\/div>\n\n\n\n<div class=\"wp-block-buttons is-layout-flex wp-block-buttons-is-layout-flex\">\n<div class=\"wp-block-button\"><a class=\"wp-block-button__link has-text-color has-background has-link-color has-text-align-center wp-element-button\" href=\"https:\/\/www.cosmoprof.com\/en\/\" style=\"border-radius:0px;color:#fefdfd;background-color:#cf9148\" target=\"_blank\" rel=\"noreferrer noopener\">Mehr \u00fcber COSMOPROF<\/a><\/div>\n<\/div>\n\n\n\n<div style=\"height:160px\" aria-hidden=\"true\" class=\"wp-block-spacer\"><\/div>\n\n\n\n<p class=\"wp-block-paragraph\"><\/p>\n","protected":false},"excerpt":{"rendered":"<p>Wir freuen uns, Ihnen mitteilen zu k\u00f6nnen, dass wir auch in diesem Jahr wieder auf der weltgr\u00f6\u00dften Kosmetikmesse COSMOPROF Bologna vertreten sind. Die Messe bietet eine ideale Plattform, um sich \u00fcber aktuelle Entwicklungen der Branche auszutauschen, neue Impulse zu gewinnen und bestehende Partnerschaften zu vertiefen. Gerne nutzen wir die Gelegenheit, Ihnen unsere L\u00f6sungen pers\u00f6nlich vorzustellen [&hellip;]<\/p>\n","protected":false},"author":1,"featured_media":14827,"comment_status":"closed","ping_status":"closed","sticky":false,"template":"","format":"standard","meta":{"footnotes":""},"categories":[1],"tags":[],"class_list":["post-14813","post","type-post","status-publish","format-standard","has-post-thumbnail","hentry","category-firmen-news"],"_links":{"self":[{"href":"https:\/\/individual-cosmetics.com\/de\/wp-json\/wp\/v2\/posts\/14813","targetHints":{"allow":["GET"]}}],"collection":[{"href":"https:\/\/individual-cosmetics.com\/de\/wp-json\/wp\/v2\/posts"}],"about":[{"href":"https:\/\/individual-cosmetics.com\/de\/wp-json\/wp\/v2\/types\/post"}],"author":[{"embeddable":true,"href":"https:\/\/individual-cosmetics.com\/de\/wp-json\/wp\/v2\/users\/1"}],"replies":[{"embeddable":true,"href":"https:\/\/individual-cosmetics.com\/de\/wp-json\/wp\/v2\/comments?post=14813"}],"version-history":[{"count":4,"href":"https:\/\/individual-cosmetics.com\/de\/wp-json\/wp\/v2\/posts\/14813\/revisions"}],"predecessor-version":[{"id":14818,"href":"https:\/\/individual-cosmetics.com\/de\/wp-json\/wp\/v2\/posts\/14813\/revisions\/14818"}],"wp:featuredmedia":[{"embeddable":true,"href":"https:\/\/individual-cosmetics.com\/de\/wp-json\/wp\/v2\/media\/14827"}],"wp:attachment":[{"href":"https:\/\/individual-cosmetics.com\/de\/wp-json\/wp\/v2\/media?parent=14813"}],"wp:term":[{"taxonomy":"category","embeddable":true,"href":"https:\/\/individual-cosmetics.com\/de\/wp-json\/wp\/v2\/categories?post=14813"},{"taxonomy":"post_tag","embeddable":true,"href":"https:\/\/individual-cosmetics.com\/de\/wp-json\/wp\/v2\/tags?post=14813"}],"curies":[{"name":"wp","href":"https:\/\/api.w.org\/{rel}","templated":true}]}}