{"id":14823,"date":"2026-03-13T12:09:44","date_gmt":"2026-03-13T11:09:44","guid":{"rendered":"https:\/\/individual-cosmetics.com\/?p=14823"},"modified":"2026-03-13T12:09:45","modified_gmt":"2026-03-13T11:09:45","slug":"individual-cosmetics-kommt-nach-porto","status":"publish","type":"post","link":"https:\/\/individual-cosmetics.com\/de\/individual-cosmetics-kommt-nach-porto\/","title":{"rendered":"Individual Cosmetics kommt nach Porto"},"content":{"rendered":"\n<p class=\"wp-block-paragraph\">Wir freuen uns riesig verk\u00fcnden zu d\u00fcrfen, das erste Mal auf der <strong>Expocosm\u00e9tica<\/strong> Messe&nbsp; in der wundersch\u00f6nen Stadt Porto, ausstellen zu d\u00fcrfen. Die Messe bietet eine ideale Plattform, um sich \u00fcber aktuelle Entwicklungen der Branche auszutauschen, neue Impulse zu gewinnen und bestehende Partnerschaften zu vertiefen.<\/p>\n\n\n\n<p class=\"wp-block-paragraph\"><strong>Gerne<\/strong> nutzen wir die Gelegenheit, Ihnen unsere L\u00f6sungen <strong>pers\u00f6nlich<\/strong> vorzustellen und \u00fcber m\u00f6gliche gemeinsame Projekte zu sprechen. Wir sind an einer langfristigen Zusammenarbeit f\u00fcr den Vertrieb unserer Marke Individual Cosmetics, ohne Mindestbestellmenge, interessiert. Unsere Marke steht f\u00fcr sehr gute Qualit\u00e4t seit nun fast 20 Jahren.<\/p>\n\n\n\n<p class=\"wp-block-paragraph\">Sie finden uns vom <strong>11. April bis 13. April im Pav.5 E14 <\/strong>auf dem Messegel\u00e4nde in Porto.<\/p>\n\n\n\n<p class=\"wp-block-paragraph\">Vereinbaren Sie bei Interesse gerne vorab einen Termin mit uns. Wir freuen uns auf den pers\u00f6nlichen Austausch vor Ort. Dort wird die Gesch\u00e4ftsleitung Individual Cosmetics vertreten..<\/p>\n\n\n\n<div style=\"height:32px\" aria-hidden=\"true\" class=\"wp-block-spacer\"><\/div>\n\n\n\n<div class=\"wp-block-buttons is-layout-flex wp-block-buttons-is-layout-flex\">\n<div class=\"wp-block-button\"><a class=\"wp-block-button__link has-text-color has-background has-link-color has-text-align-center wp-element-button\" href=\"https:\/\/exponor.pt\/en\/expocosmetica\/\" style=\"border-radius:0px;color:#fefdfd;background-color:#cf9148\" target=\"_blank\" rel=\"noreferrer noopener\">Mehr \u00fcber Expocosm\u00e9tica<\/a><\/div>\n<\/div>\n\n\n\n<div style=\"height:160px\" aria-hidden=\"true\" class=\"wp-block-spacer\"><\/div>\n\n\n\n<p class=\"wp-block-paragraph\"><\/p>\n","protected":false},"excerpt":{"rendered":"<p>Wir freuen uns riesig verk\u00fcnden zu d\u00fcrfen, das erste Mal auf der Expocosm\u00e9tica Messe&nbsp; in der wundersch\u00f6nen Stadt Porto, ausstellen zu d\u00fcrfen. Die Messe bietet eine ideale Plattform, um sich \u00fcber aktuelle Entwicklungen der Branche auszutauschen, neue Impulse zu gewinnen und bestehende Partnerschaften zu vertiefen. Gerne nutzen wir die Gelegenheit, Ihnen unsere L\u00f6sungen pers\u00f6nlich vorzustellen [&hellip;]<\/p>\n","protected":false},"author":1,"featured_media":14825,"comment_status":"closed","ping_status":"closed","sticky":false,"template":"","format":"standard","meta":{"footnotes":""},"categories":[1],"tags":[],"class_list":["post-14823","post","type-post","status-publish","format-standard","has-post-thumbnail","hentry","category-firmen-news"],"_links":{"self":[{"href":"https:\/\/individual-cosmetics.com\/de\/wp-json\/wp\/v2\/posts\/14823","targetHints":{"allow":["GET"]}}],"collection":[{"href":"https:\/\/individual-cosmetics.com\/de\/wp-json\/wp\/v2\/posts"}],"about":[{"href":"https:\/\/individual-cosmetics.com\/de\/wp-json\/wp\/v2\/types\/post"}],"author":[{"embeddable":true,"href":"https:\/\/individual-cosmetics.com\/de\/wp-json\/wp\/v2\/users\/1"}],"replies":[{"embeddable":true,"href":"https:\/\/individual-cosmetics.com\/de\/wp-json\/wp\/v2\/comments?post=14823"}],"version-history":[{"count":2,"href":"https:\/\/individual-cosmetics.com\/de\/wp-json\/wp\/v2\/posts\/14823\/revisions"}],"predecessor-version":[{"id":14826,"href":"https:\/\/individual-cosmetics.com\/de\/wp-json\/wp\/v2\/posts\/14823\/revisions\/14826"}],"wp:featuredmedia":[{"embeddable":true,"href":"https:\/\/individual-cosmetics.com\/de\/wp-json\/wp\/v2\/media\/14825"}],"wp:attachment":[{"href":"https:\/\/individual-cosmetics.com\/de\/wp-json\/wp\/v2\/media?parent=14823"}],"wp:term":[{"taxonomy":"category","embeddable":true,"href":"https:\/\/individual-cosmetics.com\/de\/wp-json\/wp\/v2\/categories?post=14823"},{"taxonomy":"post_tag","embeddable":true,"href":"https:\/\/individual-cosmetics.com\/de\/wp-json\/wp\/v2\/tags?post=14823"}],"curies":[{"name":"wp","href":"https:\/\/api.w.org\/{rel}","templated":true}]}}